{"id":5753,"date":"2026-03-30T09:25:46","date_gmt":"2026-03-30T09:25:46","guid":{"rendered":"https:\/\/asesorialastablasmadrid.es\/?p=5753"},"modified":"2026-03-30T09:27:01","modified_gmt":"2026-03-30T09:27:01","slug":"declaracion-iva-por-que-externalizar-la-gestion","status":"publish","type":"post","link":"https:\/\/asesorialastablasmadrid.es\/en\/declaracion-iva-por-que-externalizar-la-gestion","title":{"rendered":"Declaraci\u00f3n IVA: \u00bfpor qu\u00e9 externalizar la gesti\u00f3n?"},"content":{"rendered":"<p>La <strong>Declaraci\u00f3n IVA<\/strong> es una de esas obligaciones que se repiten cada trimestre y que, cuando todo va bien, parecen sencillas. Modelo 303, resumen anual, libros registro\u2026 y listo.<\/p>\n\n\n\n<p>El problema es que el IVA no perdona descuidos. Un error peque\u00f1o, repetido durante varios trimestres, puede convertirse en un requerimiento de la Agencia Tributaria, en un recargo o en una regularizaci\u00f3n que afecta directamente a tu liquidez.<\/p>\n\n\n\n<p>En 2026, adem\u00e1s, el contexto es m\u00e1s exigente: mayor control digital, cruce autom\u00e1tico de datos y avance de la facturaci\u00f3n electr\u00f3nica. En este escenario, gestionar el IVA trimestral aut\u00f3nomos o la gesti\u00f3n IVA pymes de forma improvisada no es una buena idea.<\/p>\n\n\n\n<p>Externalizar no es una cuesti\u00f3n de comodidad. Es una decisi\u00f3n que tiene que ver con prevenci\u00f3n y estabilidad.<\/p>\n\n\n\n<p>Desde nuestra experiencia en<a href=\"https:\/\/asesorialastablasmadrid.es\/en\/\"> Asesor\u00eda Las Tablas Madrid<\/a>, acompa\u00f1ando a aut\u00f3nomos y empresas en planificaci\u00f3n fiscal y contable, sabemos que una buena gesti\u00f3n del IVA aporta algo muy valioso: tranquilidad.<\/p>\n\n\n\n<h2 class=\"wp-block-heading\"><strong>El IVA no suele dar problemas\u2026 hasta que los da<\/strong><\/h2>\n\n\n\n<p>Antes de delegar esta obligaci\u00f3n, conviene entender bien:<\/p>\n\n\n\n<p>\u2022 Qu\u00e9 implica realmente la Declaraci\u00f3n IVA<br>\u2022 Riesgos que existen si la gestionas internamente sin revisi\u00f3n t\u00e9cnica<br>\u2022 Ventajas aporta una asesor\u00eda fiscal especializada<br>\u2022 C\u00f3mo se integra el IVA con la contabilidad y con el resto de impuestos<\/p>\n\n\n\n<p>No se trata solo de presentar un modelo. Se trata de asegurar coherencia fiscal.<\/p>\n\n\n\n<h2 class=\"wp-block-heading\"><strong>La declaraci\u00f3n IVA: m\u00e1s t\u00e9cnica de lo que parece<\/strong><\/h2>\n\n\n\n<h3 class=\"wp-block-heading\"><strong>No es solo restar el IVA soportado al repercutido<\/strong><\/h3>\n\n\n\n<p>La explicaci\u00f3n b\u00e1sica es sencilla: cobras IVA en tus facturas, pagas IVA en tus gastos y liquidas la diferencia.<\/p>\n\n\n\n<p>La realidad es m\u00e1s compleja.<\/p>\n\n\n\n<p>En el d\u00eda a d\u00eda aparecen situaciones como:<\/p>\n\n\n\n<p>\u2022 Facturas con datos incompletos o errores formales<br>\u2022 Gastos que no est\u00e1n completamente afectos a la actividad<br>\u2022 Operaciones intracomunitarias<br>\u2022 Aplicaci\u00f3n incorrecta de tipos impositivos<br>\u2022 Descuadres entre libros registro y contabilidad<\/p>\n\n\n\n<p>Hemos visto casos de profesionales que presentaban su IVA sin incidencias aparentes durante a\u00f1os y, sin embargo, acumulaban peque\u00f1os errores que pod\u00edan generar problemas en una revisi\u00f3n.<\/p>\n\n\n\n<h3 class=\"wp-block-heading\"><strong>El IVA y su impacto en la liquidez<\/strong><\/h3>\n\n\n\n<p>Aunque el IVA no afecta directamente al beneficio contable, s\u00ed afecta a la tesorer\u00eda.<\/p>\n\n\n\n<p>Una gesti\u00f3n incorrecta puede provocar:<\/p>\n\n\n\n<p>\u2022 Pagos superiores a los necesarios<br>\u2022 P\u00e9rdida de deducciones por falta de documentaci\u00f3n<br>\u2022 Recargos por presentaci\u00f3n fuera de plazo<br>\u2022 Retrasos en devoluciones<\/p>\n\n\n\n<p>En una microempresa, estas desviaciones pueden generar tensiones innecesarias.<\/p>\n\n\n\n<h2 class=\"wp-block-heading\"><strong>\u00bfQu\u00e9 aporta externalizar la gesti\u00f3n IVA pymes?<\/strong><\/h2>\n\n\n\n<h3 class=\"wp-block-heading\"><strong>Revisi\u00f3n t\u00e9cnica en cada trimestre<\/strong><\/h3>\n\n\n\n<p>Externalizar la <strong>Declaraci\u00f3n IVA<\/strong> significa que cada trimestre se revisa:<\/p>\n\n\n\n<p>\u2022 Coherencia entre facturaci\u00f3n y libros registro<br>\u2022 Correcta aplicaci\u00f3n de tipos<br>\u2022 Deducci\u00f3n adecuada del IVA soportado<br>\u2022 Operaciones especiales o at\u00edpicas<\/p>\n\n\n\n<p>En<a href=\"https:\/\/asesorialastablasmadrid.es\/en\/asesoria-fiscal-las-tablas-madrid\/\"> Asesor\u00eda Fiscal en Las Tablas Madrid<\/a>, el modelo no se presenta sin antes analizar el contexto contable.<\/p>\n\n\n\n<h3 class=\"wp-block-heading\"><strong>Coordinaci\u00f3n con la contabilidad<\/strong><\/h3>\n\n\n\n<p>El IVA no puede gestionarse de forma aislada.<\/p>\n\n\n\n<p>En nuestra \u00e1rea de<a href=\"https:\/\/asesorialastablasmadrid.es\/en\/asesoria-contable-madrid-gestoria-las-tablas\/\"> Asesor\u00eda Contable Madrid \u2013 Gestor\u00eda Las Tablas<\/a>, trabajamos para que:<\/p>\n\n\n\n<p>\u2022 Los libros registro est\u00e9n actualizados<br>\u2022 La contabilidad refleje fielmente la actividad<br>\u2022 Las conciliaciones bancarias est\u00e9n al d\u00eda<br>\u2022 Los ajustes por periodificaci\u00f3n sean correctos<\/p>\n\n\n\n<p>Cuando contabilidad e IVA est\u00e1n alineados, se reducen riesgos.<\/p>\n\n\n\n<h3 class=\"wp-block-heading\"><strong>M\u00e1s tiempo para tu actividad principal<\/strong><\/h3>\n\n\n\n<p>Gestionar el IVA internamente implica dedicar horas a:<\/p>\n\n\n\n<p>\u2022 Revisar facturas<br>\u2022 Comprobar requisitos formales<br>\u2022 Cuadrar importes<br>\u2022 Estar al d\u00eda de cambios normativos<\/p>\n\n\n\n<p>Externalizar te permite centrarte en lo que realmente genera ingresos: tu actividad.<\/p>\n\n\n\n<p>No es perder control. Es ganar respaldo t\u00e9cnico.<\/p>\n\n\n\n<h3 class=\"wp-block-heading\"><strong>Prevenci\u00f3n ante requerimientos<\/strong><\/h3>\n\n\n\n<p>En 2026, los sistemas de control fiscal detectan incoherencias con rapidez.<\/p>\n\n\n\n<p>Externalizar la gesti\u00f3n IVA pymes permite:<\/p>\n\n\n\n<p>\u2022 Identificar errores antes de presentar<br>\u2022 Corregir posibles descuadres<br>\u2022 Preparar documentaci\u00f3n ante cualquier revisi\u00f3n<\/p>\n\n\n\n<p>La prevenci\u00f3n siempre es m\u00e1s eficiente que la correcci\u00f3n.<\/p>\n\n\n\n<h2 class=\"wp-block-heading\"><strong>\u00bfC\u00f3mo externalizar la declaraci\u00f3n IVA de forma ordenada?<\/strong><\/h2>\n\n\n\n<h3 class=\"wp-block-heading\"><strong>Revisi\u00f3n inicial<\/strong><\/h3>\n\n\n\n<p>Antes de asumir la gesti\u00f3n, es recomendable analizar:<\/p>\n\n\n\n<p>\u2022 Declaraciones anteriores<br>\u2022 Libros registro<br>\u2022 Facturaci\u00f3n emitida y recibida<br>\u2022 Posibles inconsistencias acumuladas<\/p>\n\n\n\n<p>En algunos casos, realizamos una revisi\u00f3n previa para regularizar la situaci\u00f3n antes de continuar.<\/p>\n\n\n\n<h3 class=\"wp-block-heading\"><strong>Establecer un sistema claro de env\u00edo de documentaci\u00f3n<\/strong><\/h3>\n\n\n\n<p>La externalizaci\u00f3n funciona cuando existe:<\/p>\n\n\n\n<p>\u2022 Flujo peri\u00f3dico de facturas<br>\u2022 Organizaci\u00f3n digital<br>\u2022 Calendario fiscal planificado<br>\u2022 Comunicaci\u00f3n fluida<\/p>\n\n\n\n<p>En nuestra<a href=\"https:\/\/asesorialastablasmadrid.es\/en\/madrid-gestoria-las-tablas\/\"> Gestor\u00eda en Madrid \u2013 Las Tablas<\/a>, trabajamos con procedimientos estructurados que evitan improvisaciones de \u00faltima hora.<\/p>\n\n\n\n<h3 class=\"wp-block-heading\"><strong>Integrar el IVA en la planificaci\u00f3n fiscal anual<\/strong><\/h3>\n\n\n\n<p>La Declaraci\u00f3n IVA no debe verse como un tr\u00e1mite aislado.<\/p>\n\n\n\n<p>Debe coordinarse con:<\/p>\n\n\n\n<p>\u2022 IRPF o Impuesto sobre Sociedades<br>\u2022 An\u00e1lisis de resultados<br>\u2022 Planificaci\u00f3n de inversiones<br>\u2022 Previsi\u00f3n de tesorer\u00eda<\/p>\n\n\n\n<p>La coherencia fiscal se construye con visi\u00f3n global.<\/p>\n\n\n\n<h2 class=\"wp-block-heading\"><strong>Lo que marca la diferencia en una asesor\u00eda fiscal especializada<\/strong><\/h2>\n\n\n\n<h3 class=\"wp-block-heading\"><strong>Experiencia real con aut\u00f3nomos y empresas<\/strong><\/h3>\n\n\n\n<p>Cada sector tiene particularidades en su gesti\u00f3n del IVA. No es lo mismo un profesional liberal que una empresa con operaciones internacionales.<\/p>\n\n\n\n<p>Nuestra experiencia con microempresas y profesionales nos permite anticipar situaciones que, sobre el papel, pueden pasar desapercibidas.<\/p>\n\n\n\n<h3 class=\"wp-block-heading\"><strong>Enfoque preventivo<\/strong><\/h3>\n\n\n\n<p>Externalizar no es delegar un tr\u00e1mite. Es incorporar una revisi\u00f3n constante que detecta riesgos antes de que se conviertan en problemas.<\/p>\n\n\n\n<p>La tranquilidad fiscal no surge por casualidad. Surge de la planificaci\u00f3n.<\/p>\n\n\n\n<h3 class=\"wp-block-heading\"><strong>Transparencia y control<\/strong><\/h3>\n\n\n\n<p>Una buena externalizaci\u00f3n no significa perder informaci\u00f3n. Significa recibir:<\/p>\n\n\n\n<p>\u2022 Informes claros<br>\u2022 Explicaciones comprensibles<br>\u2022 Supervisi\u00f3n continua<\/p>\n\n\n\n<p>El control sigue siendo tuyo, pero con respaldo t\u00e9cnico.<\/p>\n\n\n\n<h2 class=\"wp-block-heading\"><strong>Preguntas frecuentes sobre la declaraci\u00f3n IVA<\/strong><\/h2>\n\n\n\n<h3 class=\"wp-block-heading\"><strong>\u00bfEs obligatorio externalizar la Declaraci\u00f3n IVA?<\/strong><\/h3>\n\n\n\n<p>No. Pero cuando la actividad crece o se complica, contar con apoyo profesional reduce riesgos.<\/p>\n\n\n\n<h3 class=\"wp-block-heading\"><strong>\u00bfPuede un error en el IVA generar sanciones?<\/strong><\/h3>\n\n\n\n<p>S\u00ed. Errores formales o deducciones indebidas pueden derivar en recargos e intereses.<\/p>\n\n\n\n<h3 class=\"wp-block-heading\"><strong>\u00bfEs recomendable incluso para aut\u00f3nomos con facturaci\u00f3n moderada?<\/strong><\/h3>\n\n\n\n<p>En muchos casos s\u00ed. El IVA trimestral aut\u00f3nomos tambi\u00e9n requiere revisi\u00f3n t\u00e9cnica.<\/p>\n\n\n\n<h3 class=\"wp-block-heading\"><strong>\u00bfPierdo control si externalizo?<\/strong><\/h3>\n\n\n\n<p>No. Con un sistema organizado y comunicaci\u00f3n constante, mantienes control y ganas seguridad.<\/p>\n\n\n\n<h3 class=\"wp-block-heading\"><strong>\u00bfC\u00f3mo se relaciona el IVA con otros impuestos?<\/strong><\/h3>\n\n\n\n<p>Forma parte de una planificaci\u00f3n fiscal integral que debe coordinarse con el resto de obligaciones tributarias.<\/p>\n\n\n\n<p><strong>Otros aspectos fiscales que muchos profesionales desconocen<\/strong><\/p>\n\n\n\n<h3 class=\"wp-block-heading\"><strong>Tarifa plana aut\u00f3nomos<\/strong><\/h3>\n\n\n\n<p>Cuando se produce el <strong>alta de aut\u00f3nomos<\/strong>, existe la posibilidad de acogerse a la conocida <strong>tarifa plana<\/strong>, que permite reducir significativamente la cuota a la Seguridad Social durante los primeros meses de actividad.<\/p>\n\n\n\n<p>Sin embargo, algo que muchos profesionales desconocen es que <strong>la fecha exacta del alta es clave<\/strong>. Un error en la gesti\u00f3n, un retraso o no cumplir determinados plazos administrativos puede provocar la <strong>p\u00e9rdida completa de esta bonificaci\u00f3n<\/strong>.<\/p>\n\n\n\n<p>Por eso es recomendable que el alta se planifique correctamente desde el principio.<\/p>\n\n\n\n<h3 class=\"wp-block-heading\"><strong>Reserva de capitalizaci\u00f3n y nivelaci\u00f3n (sociedades)<\/strong><\/h3>\n\n\n\n<p>En el caso de las sociedades, existen mecanismos fiscales que muchas empresas no aplican por desconocimiento, como la <strong>Capitalization Reserve<\/strong> o la <strong>Reserva de Nivelaci\u00f3n<\/strong>.<\/p>\n\n\n\n<p>Ambos instrumentos permiten <strong>reducir la carga fiscal en el Impuesto sobre Sociedades (modelo 200)<\/strong> si se cumplen determinados requisitos contables y de mantenimiento de fondos propios.<\/p>\n\n\n\n<h3 class=\"wp-block-heading\"><strong>Pagos a cuenta y compensaci\u00f3n de bases negativas<\/strong><\/h3>\n\n\n\n<p>Tambi\u00e9n es habitual que las empresas desconozcan que existen <strong>dos modalidades diferentes para calcular los pagos fraccionados del Impuesto sobre Sociedades<\/strong>, lo que puede influir en la liquidez durante el ejercicio.<\/p>\n\n\n\n<p>Adem\u00e1s, las sociedades pueden <strong>compensar bases imponibles negativas de ejercicios anteriores<\/strong>, algo que no ocurre en el mismo formato en el caso de los aut\u00f3nomos.<\/p>\n\n\n\n<h2 class=\"wp-block-heading\"><strong>Una decisi\u00f3n que aporta estabilidad a medio plazo<\/strong><\/h2>\n\n\n\n<p>La <strong>Declaraci\u00f3n IVA<\/strong> es una obligaci\u00f3n recurrente. Pero su correcta gesti\u00f3n influye directamente en tu estabilidad financiera.<\/p>\n\n\n\n<p>Externalizar la gesti\u00f3n IVA pymes no es delegar sin criterio. Es incorporar supervisi\u00f3n profesional, coherencia contable y prevenci\u00f3n de riesgos.<\/p>\n\n\n\n<p>Si est\u00e1s valorando dar ese paso, la pregunta no es si puedes gestionar el IVA por tu cuenta. La pregunta es si prefieres asumir el riesgo o contar con respaldo t\u00e9cnico desde el principio.<\/p>\n\n\n\n<p>En fiscalidad, la anticipaci\u00f3n siempre es una inversi\u00f3n en tranquilidad.<\/p>","protected":false},"excerpt":{"rendered":"<p>La Declaraci\u00f3n IVA es una de esas obligaciones que se repiten cada trimestre y que, cuando todo va bien, parecen sencillas. Modelo 303, resumen anual, libros registro\u2026 y listo. El problema es que el IVA no perdona descuidos. Un error peque\u00f1o, repetido durante varios trimestres, puede convertirse en un requerimiento de la Agencia Tributaria, en [&hellip;]<\/p>","protected":false},"author":2,"featured_media":5754,"comment_status":"open","ping_status":"open","sticky":false,"template":"","format":"standard","meta":{"footnotes":""},"categories":[66],"tags":[1084,1082,22,1083],"class_list":["post-5753","post","type-post","status-publish","format-standard","has-post-thumbnail","hentry","category-blog","tag-asesoria-fiscal-2","tag-declaracion-iva","tag-iva-2","tag-iva-pymes"],"yoast_head":"<!-- This site is optimized with the Yoast SEO Premium plugin v21.3 (Yoast SEO v24.5) - https:\/\/yoast.com\/wordpress\/plugins\/seo\/ -->\n<title>Declaraci\u00f3n IVA: \u00bfpor qu\u00e9 externalizar la gesti\u00f3n?<\/title>\n<meta name=\"description\" content=\"Declaraci\u00f3n IVA: descubre por qu\u00e9 externalizar la gesti\u00f3n reduce riesgos, mejora tu control fiscal y protege la liquidez de tu empresa\" \/>\n<meta name=\"robots\" content=\"index, follow, max-snippet:-1, max-image-preview:large, max-video-preview:-1\" \/>\n<link rel=\"canonical\" href=\"https:\/\/asesorialastablasmadrid.es\/en\/declaracion-iva-por-que-externalizar-la-gestion\/\" \/>\n<meta property=\"og:locale\" content=\"en_GB\" \/>\n<meta property=\"og:type\" content=\"article\" \/>\n<meta property=\"og:title\" content=\"Declaraci\u00f3n IVA: \u00bfpor qu\u00e9 externalizar la gesti\u00f3n?\" \/>\n<meta property=\"og:description\" content=\"Declaraci\u00f3n IVA: descubre por qu\u00e9 externalizar la gesti\u00f3n reduce riesgos, mejora tu control fiscal y protege la liquidez de tu empresa\" \/>\n<meta property=\"og:url\" content=\"https:\/\/asesorialastablasmadrid.es\/en\/declaracion-iva-por-que-externalizar-la-gestion\/\" \/>\n<meta property=\"og:site_name\" content=\"Asesoria las tablas\" \/>\n<meta property=\"article:publisher\" content=\"https:\/\/www.facebook.com\/asesorialastablas\" \/>\n<meta property=\"article:published_time\" content=\"2026-03-30T09:25:46+00:00\" \/>\n<meta property=\"article:modified_time\" content=\"2026-03-30T09:27:01+00:00\" \/>\n<meta property=\"og:image\" content=\"https:\/\/asesorialastablasmadrid.es\/wp-content\/uploads\/2026\/03\/Declaracion-IVA-\u00bfpor-que-externalizar-la-gestion.jpg\" \/>\n\t<meta property=\"og:image:width\" content=\"1000\" \/>\n\t<meta property=\"og:image:height\" content=\"667\" \/>\n\t<meta property=\"og:image:type\" content=\"image\/jpeg\" \/>\n<meta name=\"author\" content=\"Luis Najera\" \/>\n<meta name=\"twitter:label1\" content=\"Written by\" \/>\n\t<meta name=\"twitter:data1\" content=\"Luis Najera\" \/>\n\t<meta name=\"twitter:label2\" content=\"Estimated reading time\" \/>\n\t<meta name=\"twitter:data2\" content=\"7 minutes\" \/>\n<script type=\"application\/ld+json\" class=\"yoast-schema-graph\">{\"@context\":\"https:\/\/schema.org\",\"@graph\":[{\"@type\":\"Article\",\"@id\":\"https:\/\/asesorialastablasmadrid.es\/declaracion-iva-por-que-externalizar-la-gestion#article\",\"isPartOf\":{\"@id\":\"https:\/\/asesorialastablasmadrid.es\/declaracion-iva-por-que-externalizar-la-gestion\"},\"author\":{\"name\":\"Luis Najera\",\"@id\":\"https:\/\/asesorialastablasmadrid.es\/#\/schema\/person\/30dc836de1ba1a164a0e016f26d8b725\"},\"headline\":\"Declaraci\u00f3n IVA: \u00bfpor qu\u00e9 externalizar la gesti\u00f3n?\",\"datePublished\":\"2026-03-30T09:25:46+00:00\",\"dateModified\":\"2026-03-30T09:27:01+00:00\",\"mainEntityOfPage\":{\"@id\":\"https:\/\/asesorialastablasmadrid.es\/declaracion-iva-por-que-externalizar-la-gestion\"},\"wordCount\":1390,\"commentCount\":0,\"publisher\":{\"@id\":\"https:\/\/asesorialastablasmadrid.es\/#organization\"},\"image\":{\"@id\":\"https:\/\/asesorialastablasmadrid.es\/declaracion-iva-por-que-externalizar-la-gestion#primaryimage\"},\"thumbnailUrl\":\"https:\/\/asesorialastablasmadrid.es\/wp-content\/uploads\/2026\/03\/Declaracion-IVA-\u00bfpor-que-externalizar-la-gestion.jpg\",\"keywords\":[\"asesor\u00eda fiscal\",\"declaraci\u00f3n IVA\",\"iva\",\"IVA pymes\"],\"articleSection\":[\"Blog\"],\"inLanguage\":\"en-GB\",\"potentialAction\":[{\"@type\":\"CommentAction\",\"name\":\"Comment\",\"target\":[\"https:\/\/asesorialastablasmadrid.es\/declaracion-iva-por-que-externalizar-la-gestion#respond\"]}]},{\"@type\":\"WebPage\",\"@id\":\"https:\/\/asesorialastablasmadrid.es\/declaracion-iva-por-que-externalizar-la-gestion\",\"url\":\"https:\/\/asesorialastablasmadrid.es\/declaracion-iva-por-que-externalizar-la-gestion\",\"name\":\"Declaraci\u00f3n IVA: \u00bfpor qu\u00e9 externalizar la gesti\u00f3n?\",\"isPartOf\":{\"@id\":\"https:\/\/asesorialastablasmadrid.es\/#website\"},\"primaryImageOfPage\":{\"@id\":\"https:\/\/asesorialastablasmadrid.es\/declaracion-iva-por-que-externalizar-la-gestion#primaryimage\"},\"image\":{\"@id\":\"https:\/\/asesorialastablasmadrid.es\/declaracion-iva-por-que-externalizar-la-gestion#primaryimage\"},\"thumbnailUrl\":\"https:\/\/asesorialastablasmadrid.es\/wp-content\/uploads\/2026\/03\/Declaracion-IVA-\u00bfpor-que-externalizar-la-gestion.jpg\",\"datePublished\":\"2026-03-30T09:25:46+00:00\",\"dateModified\":\"2026-03-30T09:27:01+00:00\",\"description\":\"Declaraci\u00f3n IVA: descubre por qu\u00e9 externalizar la gesti\u00f3n reduce riesgos, mejora tu control fiscal y protege la liquidez de tu empresa\",\"breadcrumb\":{\"@id\":\"https:\/\/asesorialastablasmadrid.es\/declaracion-iva-por-que-externalizar-la-gestion#breadcrumb\"},\"inLanguage\":\"en-GB\",\"potentialAction\":[{\"@type\":\"ReadAction\",\"target\":[\"https:\/\/asesorialastablasmadrid.es\/declaracion-iva-por-que-externalizar-la-gestion\"]}]},{\"@type\":\"ImageObject\",\"inLanguage\":\"en-GB\",\"@id\":\"https:\/\/asesorialastablasmadrid.es\/declaracion-iva-por-que-externalizar-la-gestion#primaryimage\",\"url\":\"https:\/\/asesorialastablasmadrid.es\/wp-content\/uploads\/2026\/03\/Declaracion-IVA-\u00bfpor-que-externalizar-la-gestion.jpg\",\"contentUrl\":\"https:\/\/asesorialastablasmadrid.es\/wp-content\/uploads\/2026\/03\/Declaracion-IVA-\u00bfpor-que-externalizar-la-gestion.jpg\",\"width\":1000,\"height\":667},{\"@type\":\"BreadcrumbList\",\"@id\":\"https:\/\/asesorialastablasmadrid.es\/declaracion-iva-por-que-externalizar-la-gestion#breadcrumb\",\"itemListElement\":[{\"@type\":\"ListItem\",\"position\":1,\"name\":\"Portada\",\"item\":\"https:\/\/asesorialastablasmadrid.es\/\"},{\"@type\":\"ListItem\",\"position\":2,\"name\":\"Declaraci\u00f3n IVA: \u00bfpor qu\u00e9 externalizar la gesti\u00f3n?\"}]},{\"@type\":\"WebSite\",\"@id\":\"https:\/\/asesorialastablasmadrid.es\/#website\",\"url\":\"https:\/\/asesorialastablasmadrid.es\/\",\"name\":\"Asesoria las tablas\",\"description\":\"Asesoria fiscal, laboral y contable\",\"publisher\":{\"@id\":\"https:\/\/asesorialastablasmadrid.es\/#organization\"},\"potentialAction\":[{\"@type\":\"SearchAction\",\"target\":{\"@type\":\"EntryPoint\",\"urlTemplate\":\"https:\/\/asesorialastablasmadrid.es\/?s={search_term_string}\"},\"query-input\":{\"@type\":\"PropertyValueSpecification\",\"valueRequired\":true,\"valueName\":\"search_term_string\"}}],\"inLanguage\":\"en-GB\"},{\"@type\":\"Organization\",\"@id\":\"https:\/\/asesorialastablasmadrid.es\/#organization\",\"name\":\"Asesoria las tablas\",\"url\":\"https:\/\/asesorialastablasmadrid.es\/\",\"logo\":{\"@type\":\"ImageObject\",\"inLanguage\":\"en-GB\",\"@id\":\"https:\/\/asesorialastablasmadrid.es\/#\/schema\/logo\/image\/\",\"url\":\"https:\/\/asesorialastablas.com\/wp-content\/uploads\/2023\/10\/NajeraLogo2-e1696915559586-1.png\",\"contentUrl\":\"https:\/\/asesorialastablas.com\/wp-content\/uploads\/2023\/10\/NajeraLogo2-e1696915559586-1.png\",\"width\":109,\"height\":114,\"caption\":\"Asesoria las tablas\"},\"image\":{\"@id\":\"https:\/\/asesorialastablasmadrid.es\/#\/schema\/logo\/image\/\"},\"sameAs\":[\"https:\/\/www.facebook.com\/asesorialastablas\"]},{\"@type\":\"Person\",\"@id\":\"https:\/\/asesorialastablasmadrid.es\/#\/schema\/person\/30dc836de1ba1a164a0e016f26d8b725\",\"name\":\"Luis Najera\",\"image\":{\"@type\":\"ImageObject\",\"inLanguage\":\"en-GB\",\"@id\":\"https:\/\/asesorialastablasmadrid.es\/#\/schema\/person\/image\/\",\"url\":\"https:\/\/secure.gravatar.com\/avatar\/5865c9cd6458348e5881ceb4786a4386?s=96&d=mm&r=g\",\"contentUrl\":\"https:\/\/secure.gravatar.com\/avatar\/5865c9cd6458348e5881ceb4786a4386?s=96&d=mm&r=g\",\"caption\":\"Luis Najera\"},\"sameAs\":[\"https:\/\/asesorialastablas.com\/\"],\"url\":\"https:\/\/asesorialastablasmadrid.es\/en\/author\/luis\"}]}<\/script>\n<!-- \/ Yoast SEO Premium plugin. -->","yoast_head_json":{"title":"Declaraci\u00f3n IVA: \u00bfpor qu\u00e9 externalizar la gesti\u00f3n?","description":"Declaraci\u00f3n IVA: descubre por qu\u00e9 externalizar la gesti\u00f3n reduce riesgos, mejora tu control fiscal y protege la liquidez de tu empresa","robots":{"index":"index","follow":"follow","max-snippet":"max-snippet:-1","max-image-preview":"max-image-preview:large","max-video-preview":"max-video-preview:-1"},"canonical":"https:\/\/asesorialastablasmadrid.es\/en\/declaracion-iva-por-que-externalizar-la-gestion\/","og_locale":"en_GB","og_type":"article","og_title":"Declaraci\u00f3n IVA: \u00bfpor qu\u00e9 externalizar la gesti\u00f3n?","og_description":"Declaraci\u00f3n IVA: descubre por qu\u00e9 externalizar la gesti\u00f3n reduce riesgos, mejora tu control fiscal y protege la liquidez de tu empresa","og_url":"https:\/\/asesorialastablasmadrid.es\/en\/declaracion-iva-por-que-externalizar-la-gestion\/","og_site_name":"Asesoria las tablas","article_publisher":"https:\/\/www.facebook.com\/asesorialastablas","article_published_time":"2026-03-30T09:25:46+00:00","article_modified_time":"2026-03-30T09:27:01+00:00","og_image":[{"width":1000,"height":667,"url":"https:\/\/asesorialastablasmadrid.es\/wp-content\/uploads\/2026\/03\/Declaracion-IVA-\u00bfpor-que-externalizar-la-gestion.jpg","type":"image\/jpeg"}],"author":"Luis Najera","twitter_misc":{"Written by":"Luis Najera","Estimated reading time":"7 minutes"},"schema":{"@context":"https:\/\/schema.org","@graph":[{"@type":"Article","@id":"https:\/\/asesorialastablasmadrid.es\/declaracion-iva-por-que-externalizar-la-gestion#article","isPartOf":{"@id":"https:\/\/asesorialastablasmadrid.es\/declaracion-iva-por-que-externalizar-la-gestion"},"author":{"name":"Luis Najera","@id":"https:\/\/asesorialastablasmadrid.es\/#\/schema\/person\/30dc836de1ba1a164a0e016f26d8b725"},"headline":"Declaraci\u00f3n IVA: \u00bfpor qu\u00e9 externalizar la gesti\u00f3n?","datePublished":"2026-03-30T09:25:46+00:00","dateModified":"2026-03-30T09:27:01+00:00","mainEntityOfPage":{"@id":"https:\/\/asesorialastablasmadrid.es\/declaracion-iva-por-que-externalizar-la-gestion"},"wordCount":1390,"commentCount":0,"publisher":{"@id":"https:\/\/asesorialastablasmadrid.es\/#organization"},"image":{"@id":"https:\/\/asesorialastablasmadrid.es\/declaracion-iva-por-que-externalizar-la-gestion#primaryimage"},"thumbnailUrl":"https:\/\/asesorialastablasmadrid.es\/wp-content\/uploads\/2026\/03\/Declaracion-IVA-\u00bfpor-que-externalizar-la-gestion.jpg","keywords":["asesor\u00eda fiscal","declaraci\u00f3n IVA","iva","IVA pymes"],"articleSection":["Blog"],"inLanguage":"en-GB","potentialAction":[{"@type":"CommentAction","name":"Comment","target":["https:\/\/asesorialastablasmadrid.es\/declaracion-iva-por-que-externalizar-la-gestion#respond"]}]},{"@type":"WebPage","@id":"https:\/\/asesorialastablasmadrid.es\/declaracion-iva-por-que-externalizar-la-gestion","url":"https:\/\/asesorialastablasmadrid.es\/declaracion-iva-por-que-externalizar-la-gestion","name":"Declaraci\u00f3n IVA: \u00bfpor qu\u00e9 externalizar la gesti\u00f3n?","isPartOf":{"@id":"https:\/\/asesorialastablasmadrid.es\/#website"},"primaryImageOfPage":{"@id":"https:\/\/asesorialastablasmadrid.es\/declaracion-iva-por-que-externalizar-la-gestion#primaryimage"},"image":{"@id":"https:\/\/asesorialastablasmadrid.es\/declaracion-iva-por-que-externalizar-la-gestion#primaryimage"},"thumbnailUrl":"https:\/\/asesorialastablasmadrid.es\/wp-content\/uploads\/2026\/03\/Declaracion-IVA-\u00bfpor-que-externalizar-la-gestion.jpg","datePublished":"2026-03-30T09:25:46+00:00","dateModified":"2026-03-30T09:27:01+00:00","description":"Declaraci\u00f3n IVA: descubre por qu\u00e9 externalizar la gesti\u00f3n reduce riesgos, mejora tu control fiscal y protege la liquidez de tu empresa","breadcrumb":{"@id":"https:\/\/asesorialastablasmadrid.es\/declaracion-iva-por-que-externalizar-la-gestion#breadcrumb"},"inLanguage":"en-GB","potentialAction":[{"@type":"ReadAction","target":["https:\/\/asesorialastablasmadrid.es\/declaracion-iva-por-que-externalizar-la-gestion"]}]},{"@type":"ImageObject","inLanguage":"en-GB","@id":"https:\/\/asesorialastablasmadrid.es\/declaracion-iva-por-que-externalizar-la-gestion#primaryimage","url":"https:\/\/asesorialastablasmadrid.es\/wp-content\/uploads\/2026\/03\/Declaracion-IVA-\u00bfpor-que-externalizar-la-gestion.jpg","contentUrl":"https:\/\/asesorialastablasmadrid.es\/wp-content\/uploads\/2026\/03\/Declaracion-IVA-\u00bfpor-que-externalizar-la-gestion.jpg","width":1000,"height":667},{"@type":"BreadcrumbList","@id":"https:\/\/asesorialastablasmadrid.es\/declaracion-iva-por-que-externalizar-la-gestion#breadcrumb","itemListElement":[{"@type":"ListItem","position":1,"name":"Portada","item":"https:\/\/asesorialastablasmadrid.es\/"},{"@type":"ListItem","position":2,"name":"Declaraci\u00f3n IVA: \u00bfpor qu\u00e9 externalizar la gesti\u00f3n?"}]},{"@type":"WebSite","@id":"https:\/\/asesorialastablasmadrid.es\/#website","url":"https:\/\/asesorialastablasmadrid.es\/","name":"Asesoria las tablas","description":"Asesoria fiscal, laboral y contable","publisher":{"@id":"https:\/\/asesorialastablasmadrid.es\/#organization"},"potentialAction":[{"@type":"SearchAction","target":{"@type":"EntryPoint","urlTemplate":"https:\/\/asesorialastablasmadrid.es\/?s={search_term_string}"},"query-input":{"@type":"PropertyValueSpecification","valueRequired":true,"valueName":"search_term_string"}}],"inLanguage":"en-GB"},{"@type":"Organization","@id":"https:\/\/asesorialastablasmadrid.es\/#organization","name":"Asesoria las tablas","url":"https:\/\/asesorialastablasmadrid.es\/","logo":{"@type":"ImageObject","inLanguage":"en-GB","@id":"https:\/\/asesorialastablasmadrid.es\/#\/schema\/logo\/image\/","url":"https:\/\/asesorialastablas.com\/wp-content\/uploads\/2023\/10\/NajeraLogo2-e1696915559586-1.png","contentUrl":"https:\/\/asesorialastablas.com\/wp-content\/uploads\/2023\/10\/NajeraLogo2-e1696915559586-1.png","width":109,"height":114,"caption":"Asesoria las tablas"},"image":{"@id":"https:\/\/asesorialastablasmadrid.es\/#\/schema\/logo\/image\/"},"sameAs":["https:\/\/www.facebook.com\/asesorialastablas"]},{"@type":"Person","@id":"https:\/\/asesorialastablasmadrid.es\/#\/schema\/person\/30dc836de1ba1a164a0e016f26d8b725","name":"Luis Najera","image":{"@type":"ImageObject","inLanguage":"en-GB","@id":"https:\/\/asesorialastablasmadrid.es\/#\/schema\/person\/image\/","url":"https:\/\/secure.gravatar.com\/avatar\/5865c9cd6458348e5881ceb4786a4386?s=96&d=mm&r=g","contentUrl":"https:\/\/secure.gravatar.com\/avatar\/5865c9cd6458348e5881ceb4786a4386?s=96&d=mm&r=g","caption":"Luis Najera"},"sameAs":["https:\/\/asesorialastablas.com\/"],"url":"https:\/\/asesorialastablasmadrid.es\/en\/author\/luis"}]}},"_links":{"self":[{"href":"https:\/\/asesorialastablasmadrid.es\/en\/wp-json\/wp\/v2\/posts\/5753","targetHints":{"allow":["GET"]}}],"collection":[{"href":"https:\/\/asesorialastablasmadrid.es\/en\/wp-json\/wp\/v2\/posts"}],"about":[{"href":"https:\/\/asesorialastablasmadrid.es\/en\/wp-json\/wp\/v2\/types\/post"}],"author":[{"embeddable":true,"href":"https:\/\/asesorialastablasmadrid.es\/en\/wp-json\/wp\/v2\/users\/2"}],"replies":[{"embeddable":true,"href":"https:\/\/asesorialastablasmadrid.es\/en\/wp-json\/wp\/v2\/comments?post=5753"}],"version-history":[{"count":1,"href":"https:\/\/asesorialastablasmadrid.es\/en\/wp-json\/wp\/v2\/posts\/5753\/revisions"}],"predecessor-version":[{"id":5755,"href":"https:\/\/asesorialastablasmadrid.es\/en\/wp-json\/wp\/v2\/posts\/5753\/revisions\/5755"}],"wp:featuredmedia":[{"embeddable":true,"href":"https:\/\/asesorialastablasmadrid.es\/en\/wp-json\/wp\/v2\/media\/5754"}],"wp:attachment":[{"href":"https:\/\/asesorialastablasmadrid.es\/en\/wp-json\/wp\/v2\/media?parent=5753"}],"wp:term":[{"taxonomy":"category","embeddable":true,"href":"https:\/\/asesorialastablasmadrid.es\/en\/wp-json\/wp\/v2\/categories?post=5753"},{"taxonomy":"post_tag","embeddable":true,"href":"https:\/\/asesorialastablasmadrid.es\/en\/wp-json\/wp\/v2\/tags?post=5753"}],"curies":[{"name":"wp","href":"https:\/\/api.w.org\/{rel}","templated":true}]}}