{"id":211,"date":"2014-08-09T18:54:23","date_gmt":"2014-08-09T18:54:23","guid":{"rendered":"http:\/\/artaizasesores.com\/?p=211"},"modified":"2023-04-23T06:33:05","modified_gmt":"2023-04-23T06:33:05","slug":"tramites-para-el-alta-de-autonomos","status":"publish","type":"post","link":"https:\/\/asesorialastablasmadrid.es\/en\/tramites-para-el-alta-de-autonomos","title":{"rendered":"Tr\u00e1mites para el Alta de Aut\u00f3nomos"},"content":{"rendered":"<p>Muchos son los que deciden elegir la opci\u00f3n laborar de hacerse aut\u00f3nomos. Pero ser autonomo no solo requiere de unas cualidades para emprender un negocio por tu cuenta sino que es necesario realizar una sere de tr\u00e1mites para el proceso de alta de aut\u00f3nomos. A continuaci\u00f3n exponemos los diferentes tr\u00e1mites necesarios:<\/p>\n<h3>Alta de Aut\u00f3nomos:<\/h3>\n<p><a href=\"http:\/\/artaizasesores.com\/wp-content\/uploads\/2014\/08\/section04.jpg\"><img fetchpriority=\"high\" decoding=\"async\" class=\"alignright wp-image-212 size-medium\" style=\"margin: 15px;\" src=\"http:\/\/artaizasesores.com\/wp-content\/uploads\/2014\/08\/section04-300x300.jpg\" alt=\"section04\" width=\"300\" height=\"300\"><\/a>El proceso de <a href=\"http:\/\/asesorialastablas.com\/alta-de-autonomos-las-tablas\/\" target=\"_blank\" rel=\"noopener noreferrer\">Alta de autonomos<\/a> requiere de dos fases: tramitar el alta en&nbsp; Hacienda&nbsp; y tramitar el alta en la Seguridad Social<\/p>\n<p><strong>1. <a href=\"http:\/\/www.agenciatributaria.es\/AEAT.internet\/Inicio.shtml\" target=\"_blank\" rel=\"noopener noreferrer\">Hacienda<\/a>:<\/strong><\/p>\n<p>Depende de si el alta es para persona fisica o para persona juridica. En el caso de persona f\u00edsica se realiza el alta mediante el &#8216;MODELO 037&#8217;, y en el caso de ser persona juri\u00eddica se utiliza el &#8216;MODELO 036. En estos documentos se especifica el IAE (Impuesto de Actividades Econ\u00f3micas), la fecha de Alta y\/o Baja y las obligaciones tributarias que conlleva.<\/p>\n<p>El Plazo de presentaci\u00f3n del Alta es antes del Inicio de Actividad.<br \/>\nPara la Baja de aut\u00f3nomos, los tr\u00e1mites se realizan con los mismos modelos, y su plazo de presentaci\u00f3n es de 1 mes desde la fecha del Cese de Actividad.<\/p>\n<p><strong>2. <a href=\"http:\/\/www.seg-social.es\/Internet_1\/index.htm\" target=\"_blank\" rel=\"noopener noreferrer\">Seguridad Social<\/a>:<\/strong><\/p>\n<p>En este caso es necesario cumplimentar otro documento, el modelo el &#8216;MODELO TA.521&#8217;, donde se debe especificar, la Base de Cotizaci\u00f3n y las coberturas opcionales del AT y EP (Accidente de Trabajo y Enfermedad Profesional), y la domiciliaci\u00f3n bancaria para la cuota de aut\u00f3nomos.<\/p>\n<p>El plazo de presentaci\u00f3n del Alta es de 30 d\u00edas naturales desde la fecha de Alta de Actividad, debiendo acompa\u00f1ar el modelo 037 o 036 una vez presentado en Hacienda.<\/p>\n<p>&nbsp;<\/p>\n<p>\u00bfNo tienes tiempo para todo este proceso? Nosotros lo hacemos por ti, accede aqui a nuestra Alta de Aut\u00f3nomos Las Tablas<\/p>","protected":false},"excerpt":{"rendered":"<p>Muchos son los que deciden elegir la opci\u00f3n laborar de hacerse aut\u00f3nomos. Pero ser autonomo no solo requiere de unas cualidades para emprender un negocio por tu cuenta sino que es necesario realizar una sere de tr\u00e1mites para el proceso de alta de aut\u00f3nomos. A continuaci\u00f3n exponemos los diferentes tr\u00e1mites necesarios: Alta de Aut\u00f3nomos: El [&hellip;]<\/p>","protected":false},"author":2,"featured_media":0,"comment_status":"open","ping_status":"open","sticky":false,"template":"","format":"standard","meta":{"footnotes":""},"categories":[2,3,4],"tags":[9,10,12,19,23,25],"class_list":["post-211","post","type-post","status-publish","format-standard","hentry","category-alta-autonomos","category-asesoria-fiscal-madrid","category-ayudas-a-emprendedores","tag-alta","tag-asesoria","tag-autonomos","tag-fical","tag-madrid","tag-tramites"],"yoast_head":"<!-- This site is optimized with the Yoast SEO Premium plugin v21.3 (Yoast SEO v24.5) - https:\/\/yoast.com\/wordpress\/plugins\/seo\/ -->\n<title>Tr\u00e1mites para Alta de Autonomos - Asesoria Fiscal Las Tablas<\/title>\n<meta name=\"description\" content=\"Todos los tr\u00e1mites necesarios para el Alta de Autonomos - Asesoria Fiscal Las Tablas - Najera y Vargas Asesores\" \/>\n<meta name=\"robots\" content=\"index, follow, max-snippet:-1, max-image-preview:large, max-video-preview:-1\" \/>\n<link rel=\"canonical\" href=\"https:\/\/asesorialastablasmadrid.es\/en\/tramites-para-el-alta-de-autonomos\/\" \/>\n<meta property=\"og:locale\" content=\"en_GB\" \/>\n<meta property=\"og:type\" content=\"article\" \/>\n<meta property=\"og:title\" content=\"Tr\u00e1mites para el Alta de Aut\u00f3nomos\" \/>\n<meta property=\"og:description\" content=\"Todos los tr\u00e1mites necesarios para el Alta de Autonomos - Asesoria Fiscal Las Tablas - Najera y Vargas Asesores\" \/>\n<meta property=\"og:url\" content=\"https:\/\/asesorialastablasmadrid.es\/en\/tramites-para-el-alta-de-autonomos\/\" \/>\n<meta property=\"og:site_name\" content=\"Asesoria las tablas\" \/>\n<meta property=\"article:publisher\" content=\"https:\/\/www.facebook.com\/asesorialastablas\" \/>\n<meta property=\"article:published_time\" content=\"2014-08-09T18:54:23+00:00\" \/>\n<meta property=\"article:modified_time\" content=\"2023-04-23T06:33:05+00:00\" \/>\n<meta property=\"og:image\" content=\"http:\/\/artaizasesores.com\/wp-content\/uploads\/2014\/08\/section04-300x300.jpg\" \/>\n<meta name=\"author\" content=\"Luis Najera\" \/>\n<meta name=\"twitter:label1\" content=\"Written by\" \/>\n\t<meta name=\"twitter:data1\" content=\"Luis Najera\" \/>\n\t<meta name=\"twitter:label2\" content=\"Estimated reading time\" \/>\n\t<meta name=\"twitter:data2\" content=\"2 minutes\" \/>\n<script type=\"application\/ld+json\" class=\"yoast-schema-graph\">{\"@context\":\"https:\/\/schema.org\",\"@graph\":[{\"@type\":\"Article\",\"@id\":\"https:\/\/asesorialastablasmadrid.es\/tramites-para-el-alta-de-autonomos#article\",\"isPartOf\":{\"@id\":\"https:\/\/asesorialastablasmadrid.es\/tramites-para-el-alta-de-autonomos\"},\"author\":{\"name\":\"Luis Najera\",\"@id\":\"https:\/\/asesorialastablasmadrid.es\/#\/schema\/person\/30dc836de1ba1a164a0e016f26d8b725\"},\"headline\":\"Tr\u00e1mites para el Alta de Aut\u00f3nomos\",\"datePublished\":\"2014-08-09T18:54:23+00:00\",\"dateModified\":\"2023-04-23T06:33:05+00:00\",\"mainEntityOfPage\":{\"@id\":\"https:\/\/asesorialastablasmadrid.es\/tramites-para-el-alta-de-autonomos\"},\"wordCount\":306,\"commentCount\":2,\"publisher\":{\"@id\":\"https:\/\/asesorialastablasmadrid.es\/#organization\"},\"image\":{\"@id\":\"https:\/\/asesorialastablasmadrid.es\/tramites-para-el-alta-de-autonomos#primaryimage\"},\"thumbnailUrl\":\"http:\/\/artaizasesores.com\/wp-content\/uploads\/2014\/08\/section04-300x300.jpg\",\"keywords\":[\"alta\",\"asesoria\",\"autonomos\",\"fical\",\"madrid\",\"tramites\"],\"articleSection\":[\"Alta Autonomos\",\"Asesoria Fiscal Madrid\",\"Ayudas a Emprendedores\"],\"inLanguage\":\"en-GB\",\"potentialAction\":[{\"@type\":\"CommentAction\",\"name\":\"Comment\",\"target\":[\"https:\/\/asesorialastablasmadrid.es\/tramites-para-el-alta-de-autonomos#respond\"]}]},{\"@type\":\"WebPage\",\"@id\":\"https:\/\/asesorialastablasmadrid.es\/tramites-para-el-alta-de-autonomos\",\"url\":\"https:\/\/asesorialastablasmadrid.es\/tramites-para-el-alta-de-autonomos\",\"name\":\"Tr\u00e1mites para Alta de Autonomos - Asesoria Fiscal Las Tablas\",\"isPartOf\":{\"@id\":\"https:\/\/asesorialastablasmadrid.es\/#website\"},\"primaryImageOfPage\":{\"@id\":\"https:\/\/asesorialastablasmadrid.es\/tramites-para-el-alta-de-autonomos#primaryimage\"},\"image\":{\"@id\":\"https:\/\/asesorialastablasmadrid.es\/tramites-para-el-alta-de-autonomos#primaryimage\"},\"thumbnailUrl\":\"http:\/\/artaizasesores.com\/wp-content\/uploads\/2014\/08\/section04-300x300.jpg\",\"datePublished\":\"2014-08-09T18:54:23+00:00\",\"dateModified\":\"2023-04-23T06:33:05+00:00\",\"description\":\"Todos los tr\u00e1mites necesarios para el Alta de Autonomos - Asesoria Fiscal Las Tablas - Najera y Vargas Asesores\",\"breadcrumb\":{\"@id\":\"https:\/\/asesorialastablasmadrid.es\/tramites-para-el-alta-de-autonomos#breadcrumb\"},\"inLanguage\":\"en-GB\",\"potentialAction\":[{\"@type\":\"ReadAction\",\"target\":[\"https:\/\/asesorialastablasmadrid.es\/tramites-para-el-alta-de-autonomos\"]}]},{\"@type\":\"ImageObject\",\"inLanguage\":\"en-GB\",\"@id\":\"https:\/\/asesorialastablasmadrid.es\/tramites-para-el-alta-de-autonomos#primaryimage\",\"url\":\"http:\/\/artaizasesores.com\/wp-content\/uploads\/2014\/08\/section04-300x300.jpg\",\"contentUrl\":\"http:\/\/artaizasesores.com\/wp-content\/uploads\/2014\/08\/section04-300x300.jpg\"},{\"@type\":\"BreadcrumbList\",\"@id\":\"https:\/\/asesorialastablasmadrid.es\/tramites-para-el-alta-de-autonomos#breadcrumb\",\"itemListElement\":[{\"@type\":\"ListItem\",\"position\":1,\"name\":\"Portada\",\"item\":\"https:\/\/asesorialastablasmadrid.es\/\"},{\"@type\":\"ListItem\",\"position\":2,\"name\":\"Tr\u00e1mites para el Alta de Aut\u00f3nomos\"}]},{\"@type\":\"WebSite\",\"@id\":\"https:\/\/asesorialastablasmadrid.es\/#website\",\"url\":\"https:\/\/asesorialastablasmadrid.es\/\",\"name\":\"Asesoria las tablas\",\"description\":\"Asesoria fiscal, laboral y contable\",\"publisher\":{\"@id\":\"https:\/\/asesorialastablasmadrid.es\/#organization\"},\"potentialAction\":[{\"@type\":\"SearchAction\",\"target\":{\"@type\":\"EntryPoint\",\"urlTemplate\":\"https:\/\/asesorialastablasmadrid.es\/?s={search_term_string}\"},\"query-input\":{\"@type\":\"PropertyValueSpecification\",\"valueRequired\":true,\"valueName\":\"search_term_string\"}}],\"inLanguage\":\"en-GB\"},{\"@type\":\"Organization\",\"@id\":\"https:\/\/asesorialastablasmadrid.es\/#organization\",\"name\":\"Asesoria las tablas\",\"url\":\"https:\/\/asesorialastablasmadrid.es\/\",\"logo\":{\"@type\":\"ImageObject\",\"inLanguage\":\"en-GB\",\"@id\":\"https:\/\/asesorialastablasmadrid.es\/#\/schema\/logo\/image\/\",\"url\":\"https:\/\/asesorialastablas.com\/wp-content\/uploads\/2023\/10\/NajeraLogo2-e1696915559586-1.png\",\"contentUrl\":\"https:\/\/asesorialastablas.com\/wp-content\/uploads\/2023\/10\/NajeraLogo2-e1696915559586-1.png\",\"width\":109,\"height\":114,\"caption\":\"Asesoria las tablas\"},\"image\":{\"@id\":\"https:\/\/asesorialastablasmadrid.es\/#\/schema\/logo\/image\/\"},\"sameAs\":[\"https:\/\/www.facebook.com\/asesorialastablas\"]},{\"@type\":\"Person\",\"@id\":\"https:\/\/asesorialastablasmadrid.es\/#\/schema\/person\/30dc836de1ba1a164a0e016f26d8b725\",\"name\":\"Luis Najera\",\"image\":{\"@type\":\"ImageObject\",\"inLanguage\":\"en-GB\",\"@id\":\"https:\/\/asesorialastablasmadrid.es\/#\/schema\/person\/image\/\",\"url\":\"https:\/\/secure.gravatar.com\/avatar\/5865c9cd6458348e5881ceb4786a4386?s=96&d=mm&r=g\",\"contentUrl\":\"https:\/\/secure.gravatar.com\/avatar\/5865c9cd6458348e5881ceb4786a4386?s=96&d=mm&r=g\",\"caption\":\"Luis Najera\"},\"sameAs\":[\"https:\/\/asesorialastablas.com\/\"],\"url\":\"https:\/\/asesorialastablasmadrid.es\/en\/author\/luis\"}]}<\/script>\n<!-- \/ Yoast SEO Premium plugin. -->","yoast_head_json":{"title":"Tr\u00e1mites para Alta de Autonomos - Asesoria Fiscal Las Tablas","description":"Todos los tr\u00e1mites necesarios para el Alta de Autonomos - Asesoria Fiscal Las Tablas - Najera y Vargas Asesores","robots":{"index":"index","follow":"follow","max-snippet":"max-snippet:-1","max-image-preview":"max-image-preview:large","max-video-preview":"max-video-preview:-1"},"canonical":"https:\/\/asesorialastablasmadrid.es\/en\/tramites-para-el-alta-de-autonomos\/","og_locale":"en_GB","og_type":"article","og_title":"Tr\u00e1mites para el Alta de Aut\u00f3nomos","og_description":"Todos los tr\u00e1mites necesarios para el Alta de Autonomos - Asesoria Fiscal Las Tablas - Najera y Vargas Asesores","og_url":"https:\/\/asesorialastablasmadrid.es\/en\/tramites-para-el-alta-de-autonomos\/","og_site_name":"Asesoria las tablas","article_publisher":"https:\/\/www.facebook.com\/asesorialastablas","article_published_time":"2014-08-09T18:54:23+00:00","article_modified_time":"2023-04-23T06:33:05+00:00","og_image":[{"url":"http:\/\/artaizasesores.com\/wp-content\/uploads\/2014\/08\/section04-300x300.jpg","type":"","width":"","height":""}],"author":"Luis Najera","twitter_misc":{"Written by":"Luis Najera","Estimated reading time":"2 minutes"},"schema":{"@context":"https:\/\/schema.org","@graph":[{"@type":"Article","@id":"https:\/\/asesorialastablasmadrid.es\/tramites-para-el-alta-de-autonomos#article","isPartOf":{"@id":"https:\/\/asesorialastablasmadrid.es\/tramites-para-el-alta-de-autonomos"},"author":{"name":"Luis Najera","@id":"https:\/\/asesorialastablasmadrid.es\/#\/schema\/person\/30dc836de1ba1a164a0e016f26d8b725"},"headline":"Tr\u00e1mites para el Alta de Aut\u00f3nomos","datePublished":"2014-08-09T18:54:23+00:00","dateModified":"2023-04-23T06:33:05+00:00","mainEntityOfPage":{"@id":"https:\/\/asesorialastablasmadrid.es\/tramites-para-el-alta-de-autonomos"},"wordCount":306,"commentCount":2,"publisher":{"@id":"https:\/\/asesorialastablasmadrid.es\/#organization"},"image":{"@id":"https:\/\/asesorialastablasmadrid.es\/tramites-para-el-alta-de-autonomos#primaryimage"},"thumbnailUrl":"http:\/\/artaizasesores.com\/wp-content\/uploads\/2014\/08\/section04-300x300.jpg","keywords":["alta","asesoria","autonomos","fical","madrid","tramites"],"articleSection":["Alta Autonomos","Asesoria Fiscal Madrid","Ayudas a Emprendedores"],"inLanguage":"en-GB","potentialAction":[{"@type":"CommentAction","name":"Comment","target":["https:\/\/asesorialastablasmadrid.es\/tramites-para-el-alta-de-autonomos#respond"]}]},{"@type":"WebPage","@id":"https:\/\/asesorialastablasmadrid.es\/tramites-para-el-alta-de-autonomos","url":"https:\/\/asesorialastablasmadrid.es\/tramites-para-el-alta-de-autonomos","name":"Tr\u00e1mites para Alta de Autonomos - Asesoria Fiscal Las Tablas","isPartOf":{"@id":"https:\/\/asesorialastablasmadrid.es\/#website"},"primaryImageOfPage":{"@id":"https:\/\/asesorialastablasmadrid.es\/tramites-para-el-alta-de-autonomos#primaryimage"},"image":{"@id":"https:\/\/asesorialastablasmadrid.es\/tramites-para-el-alta-de-autonomos#primaryimage"},"thumbnailUrl":"http:\/\/artaizasesores.com\/wp-content\/uploads\/2014\/08\/section04-300x300.jpg","datePublished":"2014-08-09T18:54:23+00:00","dateModified":"2023-04-23T06:33:05+00:00","description":"Todos los tr\u00e1mites necesarios para el Alta de Autonomos - Asesoria Fiscal Las Tablas - Najera y Vargas Asesores","breadcrumb":{"@id":"https:\/\/asesorialastablasmadrid.es\/tramites-para-el-alta-de-autonomos#breadcrumb"},"inLanguage":"en-GB","potentialAction":[{"@type":"ReadAction","target":["https:\/\/asesorialastablasmadrid.es\/tramites-para-el-alta-de-autonomos"]}]},{"@type":"ImageObject","inLanguage":"en-GB","@id":"https:\/\/asesorialastablasmadrid.es\/tramites-para-el-alta-de-autonomos#primaryimage","url":"http:\/\/artaizasesores.com\/wp-content\/uploads\/2014\/08\/section04-300x300.jpg","contentUrl":"http:\/\/artaizasesores.com\/wp-content\/uploads\/2014\/08\/section04-300x300.jpg"},{"@type":"BreadcrumbList","@id":"https:\/\/asesorialastablasmadrid.es\/tramites-para-el-alta-de-autonomos#breadcrumb","itemListElement":[{"@type":"ListItem","position":1,"name":"Portada","item":"https:\/\/asesorialastablasmadrid.es\/"},{"@type":"ListItem","position":2,"name":"Tr\u00e1mites para el Alta de Aut\u00f3nomos"}]},{"@type":"WebSite","@id":"https:\/\/asesorialastablasmadrid.es\/#website","url":"https:\/\/asesorialastablasmadrid.es\/","name":"Asesoria las tablas","description":"Asesoria fiscal, laboral y contable","publisher":{"@id":"https:\/\/asesorialastablasmadrid.es\/#organization"},"potentialAction":[{"@type":"SearchAction","target":{"@type":"EntryPoint","urlTemplate":"https:\/\/asesorialastablasmadrid.es\/?s={search_term_string}"},"query-input":{"@type":"PropertyValueSpecification","valueRequired":true,"valueName":"search_term_string"}}],"inLanguage":"en-GB"},{"@type":"Organization","@id":"https:\/\/asesorialastablasmadrid.es\/#organization","name":"Asesoria las tablas","url":"https:\/\/asesorialastablasmadrid.es\/","logo":{"@type":"ImageObject","inLanguage":"en-GB","@id":"https:\/\/asesorialastablasmadrid.es\/#\/schema\/logo\/image\/","url":"https:\/\/asesorialastablas.com\/wp-content\/uploads\/2023\/10\/NajeraLogo2-e1696915559586-1.png","contentUrl":"https:\/\/asesorialastablas.com\/wp-content\/uploads\/2023\/10\/NajeraLogo2-e1696915559586-1.png","width":109,"height":114,"caption":"Asesoria las tablas"},"image":{"@id":"https:\/\/asesorialastablasmadrid.es\/#\/schema\/logo\/image\/"},"sameAs":["https:\/\/www.facebook.com\/asesorialastablas"]},{"@type":"Person","@id":"https:\/\/asesorialastablasmadrid.es\/#\/schema\/person\/30dc836de1ba1a164a0e016f26d8b725","name":"Luis Najera","image":{"@type":"ImageObject","inLanguage":"en-GB","@id":"https:\/\/asesorialastablasmadrid.es\/#\/schema\/person\/image\/","url":"https:\/\/secure.gravatar.com\/avatar\/5865c9cd6458348e5881ceb4786a4386?s=96&d=mm&r=g","contentUrl":"https:\/\/secure.gravatar.com\/avatar\/5865c9cd6458348e5881ceb4786a4386?s=96&d=mm&r=g","caption":"Luis Najera"},"sameAs":["https:\/\/asesorialastablas.com\/"],"url":"https:\/\/asesorialastablasmadrid.es\/en\/author\/luis"}]}},"_links":{"self":[{"href":"https:\/\/asesorialastablasmadrid.es\/en\/wp-json\/wp\/v2\/posts\/211","targetHints":{"allow":["GET"]}}],"collection":[{"href":"https:\/\/asesorialastablasmadrid.es\/en\/wp-json\/wp\/v2\/posts"}],"about":[{"href":"https:\/\/asesorialastablasmadrid.es\/en\/wp-json\/wp\/v2\/types\/post"}],"author":[{"embeddable":true,"href":"https:\/\/asesorialastablasmadrid.es\/en\/wp-json\/wp\/v2\/users\/2"}],"replies":[{"embeddable":true,"href":"https:\/\/asesorialastablasmadrid.es\/en\/wp-json\/wp\/v2\/comments?post=211"}],"version-history":[{"count":0,"href":"https:\/\/asesorialastablasmadrid.es\/en\/wp-json\/wp\/v2\/posts\/211\/revisions"}],"wp:attachment":[{"href":"https:\/\/asesorialastablasmadrid.es\/en\/wp-json\/wp\/v2\/media?parent=211"}],"wp:term":[{"taxonomy":"category","embeddable":true,"href":"https:\/\/asesorialastablasmadrid.es\/en\/wp-json\/wp\/v2\/categories?post=211"},{"taxonomy":"post_tag","embeddable":true,"href":"https:\/\/asesorialastablasmadrid.es\/en\/wp-json\/wp\/v2\/tags?post=211"}],"curies":[{"name":"wp","href":"https:\/\/api.w.org\/{rel}","templated":true}]}}